{"id":5672659,"date":"2023-05-17T12:04:23","date_gmt":"2023-05-17T12:04:23","guid":{"rendered":"https:\/\/www.amiciterzomondo.com\/?p=5672659"},"modified":"2023-09-24T19:44:39","modified_gmt":"2023-09-24T19:44:39","slug":"articolo-nel-werdenberger-obertoggenburger-del-5-aprile-2023","status":"publish","type":"post","link":"https:\/\/www.amiciterzomondo.com\/index.php\/2023\/05\/17\/articolo-nel-werdenberger-obertoggenburger-del-5-aprile-2023\/","title":{"rendered":"Articolo nel Werdenberger &#038; Obertoggenburger del 17 Maggio 2023"},"content":{"rendered":"<p>Articolo nel Werdenberger &amp; Obertoggenburger del 17 Maggio 2023. L\u2019articolo informa sulla neonata associazione \u201cAmici terzo Mondo\u201d, che prosegue l\u2019opera del Calendario della Solidariet\u00e0 di Don Egidio Todeschini. Nel primo anno di vita dell\u2019associazione, sono stati donati 38.000 franchi svizzeri ai progetti nel Terzo Mondo.<\/p>\n<h1 class=\"mt-3\">Neu gegr\u00fcndeter Verein Amici Terzo Mondo vergibt Spendengelder<\/h1>\n<div class=\"lead\">\n<p>Don Egido Todeschini sammelte mit seinen Fotokalendern Geld f\u00fcr Projekte in Entwicklungsl\u00e4ndern. Der neu gegr\u00fcndete Verein Amici Terzo Mondo verteilte nun 38&#8217;000 Franken an wohlt\u00e4tige Zwecke.<\/p>\n<\/div>\n<div id=\"attachment_5672590\" style=\"width: 650px\" class=\"wp-caption alignnone\"><img loading=\"lazy\" decoding=\"async\" aria-describedby=\"caption-attachment-5672590\" class=\"wp-image-5672590 size-large\" src=\"http:\/\/www.amiciterzomondo.com\/wp-content\/uploads\/sites\/7\/2023\/04\/direttivo-1-1024x767.jpg\" alt=\"\" width=\"640\" height=\"479\" srcset=\"https:\/\/www.amiciterzomondo.com\/wp-content\/uploads\/sites\/7\/2023\/04\/direttivo-1-1024x767.jpg 1024w, https:\/\/www.amiciterzomondo.com\/wp-content\/uploads\/sites\/7\/2023\/04\/direttivo-1-300x225.jpg 300w, https:\/\/www.amiciterzomondo.com\/wp-content\/uploads\/sites\/7\/2023\/04\/direttivo-1-768x576.jpg 768w, https:\/\/www.amiciterzomondo.com\/wp-content\/uploads\/sites\/7\/2023\/04\/direttivo-1-1536x1151.jpg 1536w, https:\/\/www.amiciterzomondo.com\/wp-content\/uploads\/sites\/7\/2023\/04\/direttivo-1-1920x1439.jpg 1920w, https:\/\/www.amiciterzomondo.com\/wp-content\/uploads\/sites\/7\/2023\/04\/direttivo-1.jpg 2000w\" sizes=\"auto, (max-width: 640px) 100vw, 640px\" \/><p id=\"caption-attachment-5672590\" class=\"wp-caption-text\">Don Egidio Todeschini (Vizepr\u00e4sident), Dan Romeo (Beisitzer), Karl Anton Wohlwend (Pr\u00e4sident), Giuseppe Battaglia (Beisitzer) und Cesare de Sanctis (Kassier), (v.l.n.r.).<\/p><\/div>\n<p>Im Laufe seines \u00fcber 20-j\u00e4hrigen Wirkens in der Missione Cattolica Lingua Italiana Liechtenstein\/Werdenberg, Marbach\/Rheintal und Sarganserland gestaltete der Italienermissionar und passionierte Fotograf Don Egido Todeschini j\u00e4hrlich einen Fotokalender.<\/p>\n<p>Damit sammelte er Geld f\u00fcr Projekte in Entwicklungsl\u00e4ndern. Dieses Engagement wurde im Herbst 2022 in den Verein Amici Terzo Mondo \u2013 Freunde der Dritten Welt, \u00fcberf\u00fchrt.<\/p>\n<h2>Insgesamt 38&#8217;000 Franken verteilt<\/h2>\n<p>Inzwischen konnten die eingegangenen Spenden der Kalenderaktion 2023 verteilt werden. Unterst\u00fctzt werden mit jeweils 5&#8217;000 Franken die Adoption von 25 Kindern aus Dagami (Philippinen), die Sozialwerke der Di\u00f6ese Emdibir (\u00c4thiopien), die Sozialwerke der Di\u00f6zese Beira (Mosambik) und die Sozialwerke der Di\u00f6zese Abomey (Benin).<\/p>\n<p>Jeweils 3&#8217;000 Franken gehen an eine Schule und Waisenhaus Nova Vida (Brasilien) und zur Unterst\u00fctzung f\u00fcr arme Studierende (Senegal und Ecuador). Mit 12&#8217;000 Franken wurden die Geh\u00e4lter von zwei Lehrern in Gizo (Salomonen) unterst\u00fctzt.<\/p>\n<p><a href=\"https:\/\/www.wundo.ch\/artikel\/neu-gegruendeter-verein-amici-terzo-mondo-vergibt-spendengelder\/\">https:\/\/www.wundo.ch\/artikel\/neu-gegruendeter-verein-amici-terzo-mondo-vergibt-spendengelder\/<\/a><\/p>\n","protected":false},"excerpt":{"rendered":"<p>Articolo nel Werdenberger &amp; Obertoggenburger del 17 Maggio 2023. L\u2019articolo informa sulla neonata associazione&#8230;<\/p>\n","protected":false},"author":1,"featured_media":0,"comment_status":"closed","ping_status":"closed","sticky":false,"template":"","format":"standard","meta":{"footnotes":""},"categories":[33],"tags":[],"class_list":["post-5672659","post","type-post","status-publish","format-standard","hentry","category-33"],"_links":{"self":[{"href":"https:\/\/www.amiciterzomondo.com\/index.php\/wp-json\/wp\/v2\/posts\/5672659","targetHints":{"allow":["GET"]}}],"collection":[{"href":"https:\/\/www.amiciterzomondo.com\/index.php\/wp-json\/wp\/v2\/posts"}],"about":[{"href":"https:\/\/www.amiciterzomondo.com\/index.php\/wp-json\/wp\/v2\/types\/post"}],"author":[{"embeddable":true,"href":"https:\/\/www.amiciterzomondo.com\/index.php\/wp-json\/wp\/v2\/users\/1"}],"replies":[{"embeddable":true,"href":"https:\/\/www.amiciterzomondo.com\/index.php\/wp-json\/wp\/v2\/comments?post=5672659"}],"version-history":[{"count":8,"href":"https:\/\/www.amiciterzomondo.com\/index.php\/wp-json\/wp\/v2\/posts\/5672659\/revisions"}],"predecessor-version":[{"id":5672675,"href":"https:\/\/www.amiciterzomondo.com\/index.php\/wp-json\/wp\/v2\/posts\/5672659\/revisions\/5672675"}],"wp:attachment":[{"href":"https:\/\/www.amiciterzomondo.com\/index.php\/wp-json\/wp\/v2\/media?parent=5672659"}],"wp:term":[{"taxonomy":"category","embeddable":true,"href":"https:\/\/www.amiciterzomondo.com\/index.php\/wp-json\/wp\/v2\/categories?post=5672659"},{"taxonomy":"post_tag","embeddable":true,"href":"https:\/\/www.amiciterzomondo.com\/index.php\/wp-json\/wp\/v2\/tags?post=5672659"}],"curies":[{"name":"wp","href":"https:\/\/api.w.org\/{rel}","templated":true}]}}